{"id":11704,"date":"2025-02-09T22:16:21","date_gmt":"2025-02-09T21:16:21","guid":{"rendered":"https:\/\/www.etab-daniel.org\/news\/reunion-a-bruxelles-des-responsables-de-reseaux-decoles-chretiennes\/"},"modified":"2025-02-09T22:20:10","modified_gmt":"2025-02-09T21:20:10","slug":"reunion-a-bruxelles-des-responsables-de-reseaux-decoles-chretiennes","status":"publish","type":"post","link":"https:\/\/www.etab-daniel.org\/en\/news\/reunion-a-bruxelles-des-responsables-de-reseaux-decoles-chretiennes\/","title":{"rendered":"Meeting in Brussels of heads of Christian school networks"},"content":{"rendered":"<p>The European Alliance for Christian Education brought together in Brussels from 14 to 16 January 2025 delegates from over 10 European countries, leaders of networks of Christian schools or directors of structures, around Christian parliamentarians aware of the issues of freedom of education and religion, with the participation of ADF International (Alliance Defending Freedom).<\/p>\n<p>&nbsp;<\/p>\n<p><img decoding=\"async\" src=\"https:\/\/www.etab-daniel.org\/wp-inside\/uploads\/2025\/02\/bruxelles-2025-453x500.png\" class=\"size-medium aligncenter\" \/><\/p>\n<p>&nbsp;<\/p>\n<p>This consultation process, which began in 2013, is now laying the foundations for a legal structure to defend the cause of Christian schools in the European Parliament.<\/p>\n","protected":false},"excerpt":{"rendered":"<p>The European Alliance for Christian Education brought together in Brussels from 14 to 16 January 2025 delegates from over 10 European countries, leaders of networks of Christian schools or directors [&hellip;]<\/p>\n","protected":false},"author":7,"featured_media":11700,"comment_status":"closed","ping_status":"closed","sticky":false,"template":"","format":"standard","meta":{"_acf_changed":false,"footnotes":""},"categories":[34],"tags":[],"class_list":["post-11704","post","type-post","status-publish","format-standard","has-post-thumbnail","hentry","category-news","wp-sticky"],"acf":[],"yoast_head":"<!-- This site is optimized with the Yoast SEO plugin v26.9 - https:\/\/yoast.com\/product\/yoast-seo-wordpress\/ -->\n<title>Meeting in Brussels of heads of Christian school networks<\/title>\n<meta name=\"robots\" content=\"index, follow, max-snippet:-1, max-image-preview:large, max-video-preview:-1\" \/>\n<link rel=\"canonical\" href=\"https:\/\/www.etab-daniel.org\/en\/news\/reunion-a-bruxelles-des-responsables-de-reseaux-decoles-chretiennes\/\" \/>\n<meta property=\"og:locale\" content=\"en_US\" \/>\n<meta property=\"og:type\" content=\"article\" \/>\n<meta property=\"og:title\" content=\"Meeting in Brussels of heads of Christian school networks\" \/>\n<meta property=\"og:description\" content=\"The European Alliance for Christian Education brought together in Brussels from 14 to 16 January 2025 delegates from over 10 European countries, leaders of networks of Christian schools or directors [&hellip;]\" \/>\n<meta property=\"og:url\" content=\"https:\/\/www.etab-daniel.org\/en\/news\/reunion-a-bruxelles-des-responsables-de-reseaux-decoles-chretiennes\/\" \/>\n<meta property=\"og:site_name\" content=\"\u00c9tablissement Scolaire Priv\u00e9 Daniel\" \/>\n<meta property=\"article:publisher\" content=\"https:\/\/www.facebook.com\/ESP.Daniel\/\" \/>\n<meta property=\"article:published_time\" content=\"2025-02-09T21:16:21+00:00\" \/>\n<meta property=\"article:modified_time\" content=\"2025-02-09T21:20:10+00:00\" \/>\n<meta property=\"og:image\" content=\"https:\/\/www.etab-daniel.org\/wp-inside\/uploads\/2025\/02\/bruxelles-2025.jpg\" \/>\n\t<meta property=\"og:image:width\" content=\"1600\" \/>\n\t<meta property=\"og:image:height\" content=\"900\" \/>\n\t<meta property=\"og:image:type\" content=\"image\/jpeg\" \/>\n<meta name=\"author\" content=\"Agn\u00e8s Abadoma\" \/>\n<meta name=\"twitter:card\" content=\"summary_large_image\" \/>\n<meta name=\"twitter:label1\" content=\"Written by\" \/>\n\t<meta name=\"twitter:data1\" content=\"Agn\u00e8s Abadoma\" \/>\n<script type=\"application\/ld+json\" class=\"yoast-schema-graph\">{\"@context\":\"https:\/\/schema.org\",\"@graph\":[{\"@type\":\"Article\",\"@id\":\"https:\/\/www.etab-daniel.org\/en\/news\/reunion-a-bruxelles-des-responsables-de-reseaux-decoles-chretiennes\/#article\",\"isPartOf\":{\"@id\":\"https:\/\/www.etab-daniel.org\/en\/news\/reunion-a-bruxelles-des-responsables-de-reseaux-decoles-chretiennes\/\"},\"author\":{\"name\":\"Agn\u00e8s Abadoma\",\"@id\":\"https:\/\/www.etab-daniel.org\/en\/#\/schema\/person\/461efd053f5ab89e9257163a857dfd1b\"},\"headline\":\"Meeting in Brussels of heads of Christian school networks\",\"datePublished\":\"2025-02-09T21:16:21+00:00\",\"dateModified\":\"2025-02-09T21:20:10+00:00\",\"mainEntityOfPage\":{\"@id\":\"https:\/\/www.etab-daniel.org\/en\/news\/reunion-a-bruxelles-des-responsables-de-reseaux-decoles-chretiennes\/\"},\"wordCount\":87,\"publisher\":{\"@id\":\"https:\/\/www.etab-daniel.org\/en\/#organization\"},\"image\":{\"@id\":\"https:\/\/www.etab-daniel.org\/en\/news\/reunion-a-bruxelles-des-responsables-de-reseaux-decoles-chretiennes\/#primaryimage\"},\"thumbnailUrl\":\"https:\/\/www.etab-daniel.org\/wp-inside\/uploads\/2025\/02\/bruxelles-2025.jpg\",\"articleSection\":[\"News\"],\"inLanguage\":\"en-US\"},{\"@type\":\"WebPage\",\"@id\":\"https:\/\/www.etab-daniel.org\/en\/news\/reunion-a-bruxelles-des-responsables-de-reseaux-decoles-chretiennes\/\",\"url\":\"https:\/\/www.etab-daniel.org\/en\/news\/reunion-a-bruxelles-des-responsables-de-reseaux-decoles-chretiennes\/\",\"name\":\"Meeting in Brussels of heads of Christian school networks\",\"isPartOf\":{\"@id\":\"https:\/\/www.etab-daniel.org\/en\/#website\"},\"primaryImageOfPage\":{\"@id\":\"https:\/\/www.etab-daniel.org\/en\/news\/reunion-a-bruxelles-des-responsables-de-reseaux-decoles-chretiennes\/#primaryimage\"},\"image\":{\"@id\":\"https:\/\/www.etab-daniel.org\/en\/news\/reunion-a-bruxelles-des-responsables-de-reseaux-decoles-chretiennes\/#primaryimage\"},\"thumbnailUrl\":\"https:\/\/www.etab-daniel.org\/wp-inside\/uploads\/2025\/02\/bruxelles-2025.jpg\",\"datePublished\":\"2025-02-09T21:16:21+00:00\",\"dateModified\":\"2025-02-09T21:20:10+00:00\",\"breadcrumb\":{\"@id\":\"https:\/\/www.etab-daniel.org\/en\/news\/reunion-a-bruxelles-des-responsables-de-reseaux-decoles-chretiennes\/#breadcrumb\"},\"inLanguage\":\"en-US\",\"potentialAction\":[{\"@type\":\"ReadAction\",\"target\":[\"https:\/\/www.etab-daniel.org\/en\/news\/reunion-a-bruxelles-des-responsables-de-reseaux-decoles-chretiennes\/\"]}]},{\"@type\":\"ImageObject\",\"inLanguage\":\"en-US\",\"@id\":\"https:\/\/www.etab-daniel.org\/en\/news\/reunion-a-bruxelles-des-responsables-de-reseaux-decoles-chretiennes\/#primaryimage\",\"url\":\"https:\/\/www.etab-daniel.org\/wp-inside\/uploads\/2025\/02\/bruxelles-2025.jpg\",\"contentUrl\":\"https:\/\/www.etab-daniel.org\/wp-inside\/uploads\/2025\/02\/bruxelles-2025.jpg\",\"width\":1600,\"height\":900},{\"@type\":\"BreadcrumbList\",\"@id\":\"https:\/\/www.etab-daniel.org\/en\/news\/reunion-a-bruxelles-des-responsables-de-reseaux-decoles-chretiennes\/#breadcrumb\",\"itemListElement\":[{\"@type\":\"ListItem\",\"position\":1,\"name\":\"Accueil\",\"item\":\"https:\/\/www.etab-daniel.org\/en\/\"},{\"@type\":\"ListItem\",\"position\":2,\"name\":\"News\",\"item\":\"https:\/\/www.etab-daniel.org\/en\/news\/\"},{\"@type\":\"ListItem\",\"position\":3,\"name\":\"Meeting in Brussels of heads of Christian school networks\"}]},{\"@type\":\"WebSite\",\"@id\":\"https:\/\/www.etab-daniel.org\/en\/#website\",\"url\":\"https:\/\/www.etab-daniel.org\/en\/\",\"name\":\"\u00c9tablissement Scolaire Priv\u00e9 Daniel\",\"description\":\"\u00c9cole, coll\u00e8ge et lyc\u00e9e priv\u00e9s\",\"publisher\":{\"@id\":\"https:\/\/www.etab-daniel.org\/en\/#organization\"},\"alternateName\":\"ESP Daniel\",\"potentialAction\":[{\"@type\":\"SearchAction\",\"target\":{\"@type\":\"EntryPoint\",\"urlTemplate\":\"https:\/\/www.etab-daniel.org\/en\/?s={search_term_string}\"},\"query-input\":{\"@type\":\"PropertyValueSpecification\",\"valueRequired\":true,\"valueName\":\"search_term_string\"}}],\"inLanguage\":\"en-US\"},{\"@type\":\"Organization\",\"@id\":\"https:\/\/www.etab-daniel.org\/en\/#organization\",\"name\":\"\u00c9tablissement Scolaire Priv\u00e9 Daniel\",\"url\":\"https:\/\/www.etab-daniel.org\/en\/\",\"logo\":{\"@type\":\"ImageObject\",\"inLanguage\":\"en-US\",\"@id\":\"https:\/\/www.etab-daniel.org\/en\/#\/schema\/logo\/image\/\",\"url\":\"https:\/\/www.etab-daniel.org\/wp-inside\/uploads\/2017\/12\/logo-etb-daniel.png\",\"contentUrl\":\"https:\/\/www.etab-daniel.org\/wp-inside\/uploads\/2017\/12\/logo-etb-daniel.png\",\"width\":476,\"height\":120,\"caption\":\"\u00c9tablissement Scolaire Priv\u00e9 Daniel\"},\"image\":{\"@id\":\"https:\/\/www.etab-daniel.org\/en\/#\/schema\/logo\/image\/\"},\"sameAs\":[\"https:\/\/www.facebook.com\/ESP.Daniel\/\",\"https:\/\/www.instagram.com\/etablissement_daniel\/\"]},{\"@type\":\"Person\",\"@id\":\"https:\/\/www.etab-daniel.org\/en\/#\/schema\/person\/461efd053f5ab89e9257163a857dfd1b\",\"name\":\"Agn\u00e8s Abadoma\",\"image\":{\"@type\":\"ImageObject\",\"inLanguage\":\"en-US\",\"@id\":\"https:\/\/www.etab-daniel.org\/en\/#\/schema\/person\/image\/\",\"url\":\"https:\/\/secure.gravatar.com\/avatar\/8198fdc98bae0cbccfeb8c23b9d6679bd1ed62853edb52f2eb7ebdf2d9ca59ea?s=96&d=mm&r=g\",\"contentUrl\":\"https:\/\/secure.gravatar.com\/avatar\/8198fdc98bae0cbccfeb8c23b9d6679bd1ed62853edb52f2eb7ebdf2d9ca59ea?s=96&d=mm&r=g\",\"caption\":\"Agn\u00e8s Abadoma\"}}]}<\/script>\n<!-- \/ Yoast SEO plugin. -->","yoast_head_json":{"title":"Meeting in Brussels of heads of Christian school networks","robots":{"index":"index","follow":"follow","max-snippet":"max-snippet:-1","max-image-preview":"max-image-preview:large","max-video-preview":"max-video-preview:-1"},"canonical":"https:\/\/www.etab-daniel.org\/en\/news\/reunion-a-bruxelles-des-responsables-de-reseaux-decoles-chretiennes\/","og_locale":"en_US","og_type":"article","og_title":"Meeting in Brussels of heads of Christian school networks","og_description":"The European Alliance for Christian Education brought together in Brussels from 14 to 16 January 2025 delegates from over 10 European countries, leaders of networks of Christian schools or directors [&hellip;]","og_url":"https:\/\/www.etab-daniel.org\/en\/news\/reunion-a-bruxelles-des-responsables-de-reseaux-decoles-chretiennes\/","og_site_name":"\u00c9tablissement Scolaire Priv\u00e9 Daniel","article_publisher":"https:\/\/www.facebook.com\/ESP.Daniel\/","article_published_time":"2025-02-09T21:16:21+00:00","article_modified_time":"2025-02-09T21:20:10+00:00","og_image":[{"width":1600,"height":900,"url":"https:\/\/www.etab-daniel.org\/wp-inside\/uploads\/2025\/02\/bruxelles-2025.jpg","type":"image\/jpeg"}],"author":"Agn\u00e8s Abadoma","twitter_card":"summary_large_image","twitter_misc":{"Written by":"Agn\u00e8s Abadoma"},"schema":{"@context":"https:\/\/schema.org","@graph":[{"@type":"Article","@id":"https:\/\/www.etab-daniel.org\/en\/news\/reunion-a-bruxelles-des-responsables-de-reseaux-decoles-chretiennes\/#article","isPartOf":{"@id":"https:\/\/www.etab-daniel.org\/en\/news\/reunion-a-bruxelles-des-responsables-de-reseaux-decoles-chretiennes\/"},"author":{"name":"Agn\u00e8s Abadoma","@id":"https:\/\/www.etab-daniel.org\/en\/#\/schema\/person\/461efd053f5ab89e9257163a857dfd1b"},"headline":"Meeting in Brussels of heads of Christian school networks","datePublished":"2025-02-09T21:16:21+00:00","dateModified":"2025-02-09T21:20:10+00:00","mainEntityOfPage":{"@id":"https:\/\/www.etab-daniel.org\/en\/news\/reunion-a-bruxelles-des-responsables-de-reseaux-decoles-chretiennes\/"},"wordCount":87,"publisher":{"@id":"https:\/\/www.etab-daniel.org\/en\/#organization"},"image":{"@id":"https:\/\/www.etab-daniel.org\/en\/news\/reunion-a-bruxelles-des-responsables-de-reseaux-decoles-chretiennes\/#primaryimage"},"thumbnailUrl":"https:\/\/www.etab-daniel.org\/wp-inside\/uploads\/2025\/02\/bruxelles-2025.jpg","articleSection":["News"],"inLanguage":"en-US"},{"@type":"WebPage","@id":"https:\/\/www.etab-daniel.org\/en\/news\/reunion-a-bruxelles-des-responsables-de-reseaux-decoles-chretiennes\/","url":"https:\/\/www.etab-daniel.org\/en\/news\/reunion-a-bruxelles-des-responsables-de-reseaux-decoles-chretiennes\/","name":"Meeting in Brussels of heads of Christian school networks","isPartOf":{"@id":"https:\/\/www.etab-daniel.org\/en\/#website"},"primaryImageOfPage":{"@id":"https:\/\/www.etab-daniel.org\/en\/news\/reunion-a-bruxelles-des-responsables-de-reseaux-decoles-chretiennes\/#primaryimage"},"image":{"@id":"https:\/\/www.etab-daniel.org\/en\/news\/reunion-a-bruxelles-des-responsables-de-reseaux-decoles-chretiennes\/#primaryimage"},"thumbnailUrl":"https:\/\/www.etab-daniel.org\/wp-inside\/uploads\/2025\/02\/bruxelles-2025.jpg","datePublished":"2025-02-09T21:16:21+00:00","dateModified":"2025-02-09T21:20:10+00:00","breadcrumb":{"@id":"https:\/\/www.etab-daniel.org\/en\/news\/reunion-a-bruxelles-des-responsables-de-reseaux-decoles-chretiennes\/#breadcrumb"},"inLanguage":"en-US","potentialAction":[{"@type":"ReadAction","target":["https:\/\/www.etab-daniel.org\/en\/news\/reunion-a-bruxelles-des-responsables-de-reseaux-decoles-chretiennes\/"]}]},{"@type":"ImageObject","inLanguage":"en-US","@id":"https:\/\/www.etab-daniel.org\/en\/news\/reunion-a-bruxelles-des-responsables-de-reseaux-decoles-chretiennes\/#primaryimage","url":"https:\/\/www.etab-daniel.org\/wp-inside\/uploads\/2025\/02\/bruxelles-2025.jpg","contentUrl":"https:\/\/www.etab-daniel.org\/wp-inside\/uploads\/2025\/02\/bruxelles-2025.jpg","width":1600,"height":900},{"@type":"BreadcrumbList","@id":"https:\/\/www.etab-daniel.org\/en\/news\/reunion-a-bruxelles-des-responsables-de-reseaux-decoles-chretiennes\/#breadcrumb","itemListElement":[{"@type":"ListItem","position":1,"name":"Accueil","item":"https:\/\/www.etab-daniel.org\/en\/"},{"@type":"ListItem","position":2,"name":"News","item":"https:\/\/www.etab-daniel.org\/en\/news\/"},{"@type":"ListItem","position":3,"name":"Meeting in Brussels of heads of Christian school networks"}]},{"@type":"WebSite","@id":"https:\/\/www.etab-daniel.org\/en\/#website","url":"https:\/\/www.etab-daniel.org\/en\/","name":"\u00c9tablissement Scolaire Priv\u00e9 Daniel","description":"\u00c9cole, coll\u00e8ge et lyc\u00e9e priv\u00e9s","publisher":{"@id":"https:\/\/www.etab-daniel.org\/en\/#organization"},"alternateName":"ESP Daniel","potentialAction":[{"@type":"SearchAction","target":{"@type":"EntryPoint","urlTemplate":"https:\/\/www.etab-daniel.org\/en\/?s={search_term_string}"},"query-input":{"@type":"PropertyValueSpecification","valueRequired":true,"valueName":"search_term_string"}}],"inLanguage":"en-US"},{"@type":"Organization","@id":"https:\/\/www.etab-daniel.org\/en\/#organization","name":"\u00c9tablissement Scolaire Priv\u00e9 Daniel","url":"https:\/\/www.etab-daniel.org\/en\/","logo":{"@type":"ImageObject","inLanguage":"en-US","@id":"https:\/\/www.etab-daniel.org\/en\/#\/schema\/logo\/image\/","url":"https:\/\/www.etab-daniel.org\/wp-inside\/uploads\/2017\/12\/logo-etb-daniel.png","contentUrl":"https:\/\/www.etab-daniel.org\/wp-inside\/uploads\/2017\/12\/logo-etb-daniel.png","width":476,"height":120,"caption":"\u00c9tablissement Scolaire Priv\u00e9 Daniel"},"image":{"@id":"https:\/\/www.etab-daniel.org\/en\/#\/schema\/logo\/image\/"},"sameAs":["https:\/\/www.facebook.com\/ESP.Daniel\/","https:\/\/www.instagram.com\/etablissement_daniel\/"]},{"@type":"Person","@id":"https:\/\/www.etab-daniel.org\/en\/#\/schema\/person\/461efd053f5ab89e9257163a857dfd1b","name":"Agn\u00e8s Abadoma","image":{"@type":"ImageObject","inLanguage":"en-US","@id":"https:\/\/www.etab-daniel.org\/en\/#\/schema\/person\/image\/","url":"https:\/\/secure.gravatar.com\/avatar\/8198fdc98bae0cbccfeb8c23b9d6679bd1ed62853edb52f2eb7ebdf2d9ca59ea?s=96&d=mm&r=g","contentUrl":"https:\/\/secure.gravatar.com\/avatar\/8198fdc98bae0cbccfeb8c23b9d6679bd1ed62853edb52f2eb7ebdf2d9ca59ea?s=96&d=mm&r=g","caption":"Agn\u00e8s Abadoma"}}]}},"_links":{"self":[{"href":"https:\/\/www.etab-daniel.org\/en\/wp-json\/wp\/v2\/posts\/11704","targetHints":{"allow":["GET"]}}],"collection":[{"href":"https:\/\/www.etab-daniel.org\/en\/wp-json\/wp\/v2\/posts"}],"about":[{"href":"https:\/\/www.etab-daniel.org\/en\/wp-json\/wp\/v2\/types\/post"}],"author":[{"embeddable":true,"href":"https:\/\/www.etab-daniel.org\/en\/wp-json\/wp\/v2\/users\/7"}],"replies":[{"embeddable":true,"href":"https:\/\/www.etab-daniel.org\/en\/wp-json\/wp\/v2\/comments?post=11704"}],"version-history":[{"count":2,"href":"https:\/\/www.etab-daniel.org\/en\/wp-json\/wp\/v2\/posts\/11704\/revisions"}],"predecessor-version":[{"id":11706,"href":"https:\/\/www.etab-daniel.org\/en\/wp-json\/wp\/v2\/posts\/11704\/revisions\/11706"}],"wp:featuredmedia":[{"embeddable":true,"href":"https:\/\/www.etab-daniel.org\/en\/wp-json\/wp\/v2\/media\/11700"}],"wp:attachment":[{"href":"https:\/\/www.etab-daniel.org\/en\/wp-json\/wp\/v2\/media?parent=11704"}],"wp:term":[{"taxonomy":"category","embeddable":true,"href":"https:\/\/www.etab-daniel.org\/en\/wp-json\/wp\/v2\/categories?post=11704"},{"taxonomy":"post_tag","embeddable":true,"href":"https:\/\/www.etab-daniel.org\/en\/wp-json\/wp\/v2\/tags?post=11704"}],"curies":[{"name":"wp","href":"https:\/\/api.w.org\/{rel}","templated":true}]}}